{"id":3599,"global_id":"lagvoid.com\/fr\/?id=3599","global_id_lineage":["lagvoid.com\/fr\/?id=3599"],"author":"8683","status":"publish","date":"2016-09-19 17:03:29","date_utc":"2016-09-19 15:03:29","modified":"2024-01-10 15:22:54","modified_utc":"2024-01-10 14:22:54","url":"https:\/\/lagvoid.com\/fr\/event\/la-douceur-permeable-de-la-rosee-2\/","rest_url":"https:\/\/lagvoid.com\/fr\/wp-json\/tribe\/events\/v1\/events\/3599","title":"La douceur perm\u00e9able de la ros\u00e9e","description":"<p class=\"93Texte\">Paco D\u00e8cina a particip\u00e9 durant quatre mois, en tant que chor\u00e9graphe, \u00e0 un atelier de recherche en Antarctique sur le lointain archipel de Crozet. De cette r\u00e9sidence exceptionnelle, il rapporte un v\u00e9ritable po\u00e8me chor\u00e9graphique d\u00e9di\u00e9 \u00e0 la nature, au titre \u00e9vocateur. Il y est question de la douceur de la nature comme une antith\u00e8se \u00e0 la violence qui nous entoure. Immerg\u00e9 dans ce jardin non contamin\u00e9 pour \u00e9couter la force de son silence, dans le temps suspendu de la repr\u00e9sentation, Paco D\u00e8cina cr\u00e9e un rapport \u00e0 la pl\u00e9nitude.<\/p>\n<p class=\"93Texte\">A travers la circulation des \u00e9nergies, le souffle et la relation aux autres, ses trois interpr\u00e8tes masculins, trois danseurs exceptionnels, interrogent ce qui nous relie \u00e0 cette puissance originelle et inviol\u00e9e. Le bruit des vagues, le cri des oiseaux, la pluie. Des bras qui se tendent, des jambes qui s\u2019\u00e9tirent, les corps s\u2019arc-boutent, sautent, glissent, se superposent, se cherchent, s\u2019emm\u00ealent. Temp\u00eates et violences ne sont pas absentes. Mais m\u00eame dans ces moments, les trois interpr\u00e8tes restent dans une indicible fluidit\u00e9.\u00a0 Ils ne dansent pas le mouvement, ils sont le mouvement ! C\u2019est rare, c\u2019est magique.<\/p>","excerpt":"","slug":"la-douceur-permeable-de-la-rosee-2","image":{"url":"la-douceur-perm\u00e9able-de-la-ros\u00e9e-fred-malle.jpg","id":1198,"extension":"jpg","width":1290,"height":1326,"hwstring_small":"height='96' width='93'","sizes":{"thumbnail":{"width":150,"height":150,"mime-type":"image\/jpeg","url":"https:\/\/lagvoid.com\/wp-content\/uploads\/2015\/08\/la-douceur-perm\u00e9able-de-la-ros\u00e9e-fred-malle-150x150.jpg"},"medium":{"width":292,"height":300,"mime-type":"image\/jpeg","url":"https:\/\/lagvoid.com\/wp-content\/uploads\/2015\/08\/la-douceur-perm\u00e9able-de-la-ros\u00e9e-fred-malle-292x300.jpg"},"medium_large":{"width":768,"height":789,"mime-type":"image\/jpeg","url":"https:\/\/lagvoid.com\/wp-content\/uploads\/2015\/08\/la-douceur-perm\u00e9able-de-la-ros\u00e9e-fred-malle-768x789.jpg"},"large":{"width":996,"height":1024,"mime-type":"image\/jpeg","url":"https:\/\/lagvoid.com\/wp-content\/uploads\/2015\/08\/la-douceur-perm\u00e9able-de-la-ros\u00e9e-fred-malle-996x1024.jpg"},"medium-large":{"width":640,"height":640,"mime-type":"image\/jpeg","url":"https:\/\/lagvoid.com\/wp-content\/uploads\/2015\/08\/la-douceur-perm\u00e9able-de-la-ros\u00e9e-fred-malle-640x640.jpg"}}},"all_day":false,"start_date":"2017-03-29 19:00:00","start_date_details":{"year":"2017","month":"03","day":"29","hour":"19","minutes":"00","seconds":"00"},"end_date":"2017-03-29 21:00:00","end_date_details":{"year":"2017","month":"03","day":"29","hour":"21","minutes":"00","seconds":"00"},"utc_start_date":"2017-03-29 17:00:00","utc_start_date_details":{"year":"2017","month":"03","day":"29","hour":"17","minutes":"00","seconds":"00"},"utc_end_date":"2017-03-29 19:00:00","utc_end_date_details":{"year":"2017","month":"03","day":"29","hour":"19","minutes":"00","seconds":"00"},"timezone":"Europe\/Paris","timezone_abbr":"CEST","cost":"","cost_details":{"currency_symbol":"","currency_code":"","currency_position":"","values":[]},"website":"http:\/\/quinconces-espal.com\/saison\/la-douceur-permeable-de-la-rosee","show_map":true,"show_map_link":true,"hide_from_listings":false,"sticky":false,"featured":false,"categories":[],"tags":[],"venue":{"id":885,"author":"5421","status":"publish","date":"2016-09-19 17:03:30","date_utc":"2016-09-19 15:03:30","modified":"2016-09-19 17:04:39","modified_utc":"2016-09-19 15:04:39","url":"https:\/\/lagvoid.com\/lieu\/lespal-2\/","venue":"L&rsquo;Espal &#8211; Le Mans","slug":"lespal-2","address":"60-62 rue de l'Est\u00e9rel","city":"Le Mans","country":"France","zip":"72000","website":"http:\/\/quinconces-espal.com\/","json_ld":{"@type":"Place","name":"L&rsquo;Espal &#8211; Le Mans","description":"","url":"","address":{"@type":"PostalAddress","streetAddress":"60-62 rue de l&#039;Est\u00e9rel","addressLocality":"Le Mans","postalCode":"72000","addressCountry":"France"},"telephone":"","sameAs":"http:\/\/quinconces-espal.com\/"},"show_map":true,"show_map_link":true,"global_id":"lagvoid.com\/fr\/?id=885","global_id_lineage":["lagvoid.com\/fr\/?id=885"]},"organizer":[{"id":753,"author":"5432","status":"publish","date":"2016-02-11 21:30:54","date_utc":"2016-02-11 20:30:54","modified":"2016-02-11 21:30:54","modified_utc":"2016-02-11 20:30:54","url":"https:\/\/lagvoid.com\/organisateur\/cie-post-retroguardia-paco-deecina\/","organizer":"Cie Post RetroGuardia &#8211; Paco De\u00e9cina","slug":"cie-post-retroguardia-paco-deecina","website":"http:\/\/www.pacodecina.fr\/","json_ld":{"@type":"Person","name":"Cie Post RetroGuardia &#8211; Paco De\u00e9cina","description":"","url":"http:\/\/www.pacodecina.fr\/","telephone":"","email":"","sameAs":"http:\/\/www.pacodecina.fr\/"},"global_id":"lagvoid.com\/fr\/?id=753","global_id_lineage":["lagvoid.com\/fr\/?id=753"]}],"custom_fields":[],"json_ld":{"@context":"http:\/\/schema.org","@type":"Event","name":"La douceur perm\u00e9able de la ros\u00e9e","description":"&lt;p&gt;Paco D\u00e8cina a particip\u00e9 durant quatre mois, en tant que chor\u00e9graphe, \u00e0 un atelier de recherche en Antarctique sur le lointain archipel de Crozet. De cette r\u00e9sidence exceptionnelle, il rapporte&hellip;&lt;\/p&gt;\\n","image":"https:\/\/lagvoid.com\/wp-content\/uploads\/2015\/08\/la-douceur-perm\u00e9able-de-la-ros\u00e9e-fred-malle.jpg","url":"https:\/\/lagvoid.com\/fr\/event\/la-douceur-permeable-de-la-rosee-2\/","eventAttendanceMode":"https:\/\/schema.org\/OfflineEventAttendanceMode","eventStatus":"https:\/\/schema.org\/EventScheduled","startDate":"2017-03-29T19:00:00+02:00","endDate":"2017-03-29T21:00:00+02:00","location":{"@type":"Place","name":"L&rsquo;Espal &#8211; Le Mans","description":"","url":"","address":{"@type":"PostalAddress","streetAddress":"60-62 rue de l&#039;Est\u00e9rel","addressLocality":"Le Mans","postalCode":"72000","addressCountry":"France"},"telephone":"","sameAs":"http:\/\/quinconces-espal.com\/"},"organizer":{"@type":"Person","name":"Cie Post RetroGuardia &#8211; Paco De\u00e9cina","description":"","url":"http:\/\/www.pacodecina.fr\/","telephone":"","email":"","sameAs":"http:\/\/www.pacodecina.fr\/"},"performer":"Organization"}}